{"id":245,"date":"2021-12-21T12:38:02","date_gmt":"2021-12-21T11:38:02","guid":{"rendered":"http:\/\/blogg.svt.se\/esport\/?p=245"},"modified":"2021-12-21T17:29:35","modified_gmt":"2021-12-21T16:29:35","slug":"arbetet-bakom-esportsaga","status":"publish","type":"post","link":"https:\/\/blogg.svt.se\/esport\/arbetet-bakom-esportsaga\/","title":{"rendered":"Arbetet bakom Esportsaga"},"content":{"rendered":"\n<p>I veckan sl\u00e4ppte vi v\u00e5r serie Esportsaga, d\u00e4r fem ungdomar f\u00e5r h\u00e5rdtr\u00e4na CS:GO under tre m\u00e5nader med Faruk &#8221;pita&#8221; Pita som coach.<\/p>\n\n\n\n<p><a href=\"https:\/\/www.svtplay.se\/esportsaga\"><strong>Serien hittar du h\u00e4r.<\/strong><\/a><\/p>\n\n\n\n<p>F\u00f6rhoppningen \u00e4r att du som tittare ska kunna l\u00e4ra dig n\u00e5got. Kanske inte att varje avsnitt bjuder p\u00e5 en, f\u00f6r dig, stor uppenbarelse, men att det iallafall finns n\u00e5got eller n\u00e5gra \u00e4mnen som du l\u00e4r dig mer kring.<\/p>\n\n\n\n<p>M\u00f6jligen \u00e4r det Pitas mastiga teoridag kring Retakes som du fastnar f\u00f6r, eller kanske \u00e4r det den mentala coachen Mia Stellberg som bjuder p\u00e5 mest l\u00e4rdomar? Serien bjuder p\u00e5 mycket olika &#8211; f\u00f6r spelare p\u00e5 olika niv\u00e5er.<\/p>\n\n\n\n<p><\/p>\n\n\n\n<figure class=\"wp-block-image size-large\"><img loading=\"lazy\" width=\"960\" height=\"540\" src=\"https:\/\/blogg.svt.se\/esport\/wp-content\/uploads\/sites\/81\/2021\/12\/PitaBTS-edited.jpg\" alt=\"\" class=\"wp-image-252\" srcset=\"https:\/\/blogg.svt.se\/esport\/wp-content\/uploads\/sites\/81\/2021\/12\/PitaBTS-edited.jpg 960w, https:\/\/blogg.svt.se\/esport\/wp-content\/uploads\/sites\/81\/2021\/12\/PitaBTS-edited-300x169.jpg 300w, https:\/\/blogg.svt.se\/esport\/wp-content\/uploads\/sites\/81\/2021\/12\/PitaBTS-edited-768x432.jpg 768w, https:\/\/blogg.svt.se\/esport\/wp-content\/uploads\/sites\/81\/2021\/12\/PitaBTS-edited-360x203.jpg 360w, https:\/\/blogg.svt.se\/esport\/wp-content\/uploads\/sites\/81\/2021\/12\/PitaBTS-edited-103x58.jpg 103w\" sizes=\"(max-width: 960px) 100vw, 960px\" \/><figcaption>Pita g\u00e5r igenom ans\u00f6kningar.<\/figcaption><\/figure>\n\n\n\n<p><strong>Hur gjorde vi serien?<\/strong><\/p>\n\n\n\n<p>Programid\u00e9en f\u00e4rdigst\u00e4lldes under slutet av 2020 och v\u00e5ren 2021. Vi b\u00f6rjade s\u00f6ka spelare och f\u00f6rsta inspelningsdagen blev 12 april. Det var \u00e4ven f\u00f6rsta g\u00e5ngen spelarna fick tr\u00e4ffas.<\/p>\n\n\n\n<p>En stor del av serien \u00e4r att laget spelar hemifr\u00e5n. Tre dagar i veckan satt Pita med dem och coachade, \u00f6vriga tv\u00e5 tr\u00e4nade de p\u00e5 egen hand. Uppskattningsvis har laget spenderat 300 timmar i tr\u00e4ning tillsammans &#8211; allts\u00e5 ut\u00f6ver individuellt spelande. 5 timmar per kv\u00e4ll, 5 timmar i veckan.<\/p>\n\n\n\n<p>De har sj\u00e4lva spelat in ofantligt mycket material fr\u00e5n tr\u00e4ningarna. Tanken var initialt att anv\u00e4nda mer av detta i serien, h\u00e4lften av avsnitten skulle vara in-game. Jag kommer f\u00f6rklara varf\u00f6r det inte blev s\u00e5.<\/p>\n\n\n\n<p>Planen var 8 avsnitt \u00e1 30 minuter, d\u00e4r h\u00e4lften av varje avsnitt skulle best\u00e5 av spelande hemifr\u00e5n.<\/p>\n\n\n\n<p><strong>Problemen hopar sig<\/strong><\/p>\n\n\n\n<p>N\u00e5gra veckor efter produktionsstart blev vi tvugna att t\u00e4nka om, och ist\u00e4llet fick varje avsnitt nu bara best\u00e5 av max 5 minuters in-game material och avsnitten skulle ist\u00e4llet ligga runt 20 min. Anledningen var att vi saknade ett uttryckligt &#8221;ja&#8221; fr\u00e5n Valve att anv\u00e4nda in-game material i TV.<\/p>\n\n\n\n<p>D\u00e5 gick det inte, enligt SVT:s jurister. Vi best\u00e4mde oss f\u00f6r att f\u00f6rs\u00f6ka tolka- och luta oss mot Valve\u2019s Video Policy. En av konsekvenserna blev att vi flyttade serien fr\u00e5n broadcast till enbart SVT Play.<\/p>\n\n\n\n<p>Att mitt i produktion beh\u00f6va hantera detta (ansvariga p\u00e5 SVT och bolagets jurister ska f\u00e5 s\u00e4ga sitt) samt att d\u00e4refter omarbeta formatet, var ett rej\u00e4lt stressp\u00e5slag. En annan situation var n\u00e4r Jesper besl\u00f6t sig f\u00f6r att hoppa av och vi inte hade n\u00e5gon ers\u00e4ttare redo.<\/p>\n\n\n\n<p>Jag minns det som att m\u00e5nga s\u00e5dana situationer uppstod, vilket ger bra l\u00e4rdomar &#8211; saker dyker alltid upp i en produktion. H\u00e4r k\u00e4nner jag att vi stundvis tappade fokus p\u00e5 laget. Hade i haft lite mer resutrser, exempelvis en extra person, s\u00e5 hade vi nog kunnat redovisa lagets utveckling b\u00e4ttre i serien.<\/p>\n\n\n\n<figure class=\"wp-block-image size-large\"><img loading=\"lazy\" width=\"960\" height=\"540\" src=\"https:\/\/blogg.svt.se\/esport\/wp-content\/uploads\/sites\/81\/2021\/12\/LagetBTS-edited.jpg\" alt=\"\" class=\"wp-image-254\" srcset=\"https:\/\/blogg.svt.se\/esport\/wp-content\/uploads\/sites\/81\/2021\/12\/LagetBTS-edited.jpg 960w, https:\/\/blogg.svt.se\/esport\/wp-content\/uploads\/sites\/81\/2021\/12\/LagetBTS-edited-300x169.jpg 300w, https:\/\/blogg.svt.se\/esport\/wp-content\/uploads\/sites\/81\/2021\/12\/LagetBTS-edited-768x432.jpg 768w, https:\/\/blogg.svt.se\/esport\/wp-content\/uploads\/sites\/81\/2021\/12\/LagetBTS-edited-360x203.jpg 360w, https:\/\/blogg.svt.se\/esport\/wp-content\/uploads\/sites\/81\/2021\/12\/LagetBTS-edited-103x58.jpg 103w\" sizes=\"(max-width: 960px) 100vw, 960px\" \/><figcaption>&#8221;La Vida Carbo&#8221; tr\u00e4ffas f\u00f6r f\u00f6rsta g\u00e5ngen.<\/figcaption><\/figure>\n\n\n\n<p><\/p>\n\n\n\n<p><strong>Att f\u00f6lja laget<\/strong><\/p>\n\n\n\n<p>Varje vecka intervjuade vi samtliga deltagare (spelarna + pita) och eventuella g\u00e4ster (ex Oskar Hemby). Ut\u00f6ver det skulle framtida aktiveteter planeras. Plats? Fotografer? Ljud? Schema f\u00f6r dagen? Boka resor. osv.<\/p>\n\n\n\n<p>Vi hade bara en heltidstj\u00e4nst f\u00f6r detta.<\/p>\n\n\n\n<p>De ofantliga m\u00e4ngderna material som spelarna sj\u00e4lva spelade in? Ja, allt det m\u00e5ste ju ocks\u00e5 samlas in &#8211; s\u00e5 allt finns p\u00e5 plats n\u00e4r serien v\u00e4l ska klippas. Det var inte alltid filerna skickades in av sig sj\u00e4lvt, s\u00e5 att s\u00e4ga. Man fick tjata p\u00e5 minst en person varje vecka. Vilket man f\u00e5r r\u00e4kna med, s\u00e5klart, och n\u00e4sta g\u00e5ng m\u00e5ste vi vara h\u00e5rdare.<\/p>\n\n\n\n<p>P\u00e5 n\u00e5got s\u00e4tt fick vi ihop det. Det var dock en utmaning att f\u00f6lja lagets utveckling mestdels genom intervjuer. Alla har ju sina egna bilder och uppfattningar. Pitas \u00e5sikt fick v\u00e4ga tyngst.<\/p>\n\n\n\n<p>H\u00e4r k\u00e4nner jag att det finns stor utvecklingspotential och jag har id\u00e9er p\u00e5 hur man i en framtida s\u00e4song skulle f\u00e5 f\u00f6lja laget \u00e4nnu n\u00e4rmare p\u00e5 servern och tydligare f\u00e5 se hur de blir b\u00e4ttre spelare.<\/p>\n\n\n\n<p><strong>Bootcamp<\/strong><\/p>\n\n\n\n<p>Sista veckan blev bootcamp med en avslutande final. Det funkade r\u00e4tt bra. Mycket tid gick \u00e5t till inspelning. Pita fick inte lika mycket tid med spelarna som han hade hoppats. Enligt mig brist p\u00e5 kommunikation fr\u00e5n b\u00e5da sidorna. Vi hade kunnat kommunicera mer kring v\u00e5ra inspelningsplaner, Pita hade kunnat kommunicera mer kring uppl\u00e4gg och schema f\u00f6r dagarna. Inget dramatiskt, \u00e4ven d\u00e4r en l\u00e4rdom.<\/p>\n\n\n\n<p>Det hade varit intressant att se ifall 1-2 extra bootcampdagar hade kunnat leda till fler rundor mot Lilmix och Dignitas. Samtidigit var hela laget ganska slut efter den veckan.<\/p>\n\n\n\n<p><\/p>\n\n\n\n<figure class=\"wp-block-image size-large\"><img loading=\"lazy\" width=\"960\" height=\"540\" src=\"https:\/\/blogg.svt.se\/esport\/wp-content\/uploads\/sites\/81\/2021\/12\/LagetBTS2-edited.jpg\" alt=\"\" class=\"wp-image-256\" srcset=\"https:\/\/blogg.svt.se\/esport\/wp-content\/uploads\/sites\/81\/2021\/12\/LagetBTS2-edited.jpg 960w, https:\/\/blogg.svt.se\/esport\/wp-content\/uploads\/sites\/81\/2021\/12\/LagetBTS2-edited-300x169.jpg 300w, https:\/\/blogg.svt.se\/esport\/wp-content\/uploads\/sites\/81\/2021\/12\/LagetBTS2-edited-768x432.jpg 768w, https:\/\/blogg.svt.se\/esport\/wp-content\/uploads\/sites\/81\/2021\/12\/LagetBTS2-edited-360x203.jpg 360w, https:\/\/blogg.svt.se\/esport\/wp-content\/uploads\/sites\/81\/2021\/12\/LagetBTS2-edited-103x58.jpg 103w\" sizes=\"(max-width: 960px) 100vw, 960px\" \/><figcaption>Sista inspelningsdagen med final mot Lilmix<\/figcaption><\/figure>\n\n\n\n<p><strong>Klippning<\/strong><\/p>\n\n\n\n<p>Vi tog sommarledigt och h\u00e4r trodde jag det tyngsta arbetet f\u00f6r min del skulle vara \u00f6ver. I klippningen skulle jag i f\u00f6rsta hand ansvara f\u00f6r in-game-sekvenserna och hur vi skulle \u00e5terber\u00e4tta lagets utveckling spelm\u00e4ssigt. S\u00e5 blev det dock inte.<\/p>\n\n\n\n<p>Jag, som satt uppe i Ume\u00e5, hade inte j\u00e4ttestor inblick i hur arbetet gick nere i Stockholm. Jag sk\u00f6tte mina uppgifter p\u00e5 egen hand.<\/p>\n\n\n\n<p>D\u00e5 ringde chefen . Det hade uppst\u00e5tt en situation som innebar att producent Ludwig blev akut tvungen att l\u00e4mna projektet. Chefen fr\u00e5gade om jag kunde kliva in &#8221;ro projektet i hamn&#8221;. Jag skulle med andra ord ansvara f\u00f6r att g\u00f6ra f\u00e4rdigt serien. <\/p>\n\n\n\n<p>Med vetskapen att &#8221;j\u00e4vlar, nu blir det tufft&#8221;, svarade jag Ja.<\/p>\n\n\n\n<p>I princip dagen d\u00e4rp\u00e5 \u00e5kte jag ner till Stockholm &#8211; med en oklar k\u00e4nsla av att jag kanske kommer beh\u00f6va stanna en eller \u00e5tta veckor.<\/p>\n\n\n\n<p>Vi hade hamnat rej\u00e4lt efter i klippningen. Material var ologgat och flera redigeringsveckor hade g\u00e5tt till helt andra saker \u00e4n just redigering. Det fanns ett skelett av f\u00f6rsta avsnittet f\u00e4rdigt, men fortfarande l\u00e5ngt ifr\u00e5n vart vi ville vara.<\/p>\n\n\n\n<p>Under n\u00e5gra m\u00e5nader pendlade mellan Stockholm &#8211; Ume\u00e5 och fick arbetsleda tre redigerare p\u00e5 samma g\u00e5ng. Samtidigt som jag sj\u00e4lv skrev skriva alla manus, speakrar &#8211; ja egentligen det mesta kring att skapa sj\u00e4lva avsnitten. Det blev m\u00e5nga kv\u00e4llar.<\/p>\n\n\n\n<p>N\u00e4r jag beh\u00f6vde hj\u00e4lp fanns den st\u00e4ndigt peppande projekledaren Roger alltid tillg\u00e4nglig.<\/p>\n\n\n\n<p>S\u00e5 en dag, efter att ha fyllt flextidbanken, l\u00e5g serien d\u00e4r. F\u00e4rdig och inskickad. Och jag tog en v\u00e4lbeh\u00f6vlig paus fr\u00e5n allt vad heter jobb.<\/p>\n\n\n\n<p><\/p>\n\n\n\n<figure class=\"wp-block-image size-large\"><img loading=\"lazy\" width=\"720\" height=\"540\" src=\"https:\/\/blogg.svt.se\/esport\/wp-content\/uploads\/sites\/81\/2021\/12\/avid-edited.jpg\" alt=\"\" class=\"wp-image-259\" srcset=\"https:\/\/blogg.svt.se\/esport\/wp-content\/uploads\/sites\/81\/2021\/12\/avid-edited.jpg 720w, https:\/\/blogg.svt.se\/esport\/wp-content\/uploads\/sites\/81\/2021\/12\/avid-edited-300x225.jpg 300w, https:\/\/blogg.svt.se\/esport\/wp-content\/uploads\/sites\/81\/2021\/12\/avid-edited-351x263.jpg 351w, https:\/\/blogg.svt.se\/esport\/wp-content\/uploads\/sites\/81\/2021\/12\/avid-edited-101x76.jpg 101w\" sizes=\"(max-width: 720px) 100vw, 720px\" \/><figcaption>N\u00e5gra l\u00e5nga videofiler. N\u00e5gra av m\u00e5nga.<\/figcaption><\/figure>\n\n\n\n<p><strong>K\u00e4nslorna efter\u00e5t<\/strong><\/p>\n\n\n\n<p>Nu \u00e4r serien ute och jag har nog inte missat en enda tweet om serien. Det \u00e4r mestdels positiva reaktion. En del st\u00f6r sig p\u00e5 finskan, fattar inte varf\u00f6r det \u00e4r finska, s\u00e5 h\u00e4r kommer svaret:<\/p>\n\n\n\n<p>Det \u00e4r den finska minorietsdelen av SVT som har betalat f\u00f6r hela kalaset. \u00c4nda fr\u00e5n starten, att utveckla id\u00e9n, har de finansierat. D\u00e5 \u00e4r s\u00e5klart kravet att skapa en serie p\u00e5, i det h\u00e4r fallet, finska. Men n\u00e4r vi pitchar en s\u00e4song 2, d\u00e5 \u00e4r det p\u00e5 svenska vi vill g\u00f6ra det.<\/p>\n\n\n\n<p><strong>L\u00e4rorik upplevelse<\/strong><\/p>\n\n\n\n<p>Jag har m\u00e4rkt n\u00e5gra slarvfel fr\u00e5n v\u00e5r sida. In-game-ljudet var konstigt i f\u00f6rsta avsnittet. Det var till exempel n\u00e5gon miss i slutmatcherna vad g\u00e4llde po\u00e4ngst\u00e4llning. Det \u00e4r slarvfel som jag \u00e5 ena sidan f\u00f6rs\u00f6ker se som petitesser i det stora hela, men samtidigt inte g\u00f6ra om i framtiden. Och ibland m\u00e4rkte man fel som man t\u00e4nkte &#8221;Men det d\u00e4r fixade ju jag, varf\u00f6r f\u00f6rsvann det?&#8221;.<\/p>\n\n\n\n<p>\u00d6verlag \u00e4r jag v\u00e4ldigt glad och n\u00f6jd med vad vi har lyckats skapa. Jag anser att vi arbetade under v\u00e4ldigt hektiska f\u00f6rh\u00e5llanden. Jag k\u00e4nner att det finns en enorm utvecklingspotential till en eventuell s\u00e4song 2.<\/p>\n\n\n\n<p>Om du vill se mer esport p\u00e5 SVT, se d\u00e5 till att g\u00f6ra din r\u00f6st h\u00f6rd p\u00e5 kontakt@svt.se<\/p>\n\n\n\n<p>God jul och gott nytt \u00e5r,<br>Simon<\/p>\n","protected":false},"excerpt":{"rendered":"<p>I veckan sl\u00e4ppte vi v\u00e5r serie Esportsaga, d\u00e4r fem ungdomar f\u00e5r h\u00e5rdtr\u00e4na CS:GO under tre m\u00e5nader med Faruk &#8221;pita&#8221; Pita som coach. Serien hittar du h\u00e4r. F\u00f6rhoppningen \u00e4r att du som tittare ska kunna l\u00e4ra dig n\u00e5got. Kanske inte att varje avsnitt bjuder p\u00e5 en, f\u00f6r dig, stor uppenbarelse, men att det iallafall finns n\u00e5got [&hellip;]<\/p>\n","protected":false},"author":36,"featured_media":250,"comment_status":"closed","ping_status":"closed","sticky":false,"template":"","format":"standard","meta":[],"categories":[1],"tags":[],"acf":[],"_links":{"self":[{"href":"https:\/\/blogg.svt.se\/esport\/wp-json\/wp\/v2\/posts\/245"}],"collection":[{"href":"https:\/\/blogg.svt.se\/esport\/wp-json\/wp\/v2\/posts"}],"about":[{"href":"https:\/\/blogg.svt.se\/esport\/wp-json\/wp\/v2\/types\/post"}],"author":[{"embeddable":true,"href":"https:\/\/blogg.svt.se\/esport\/wp-json\/wp\/v2\/users\/36"}],"replies":[{"embeddable":true,"href":"https:\/\/blogg.svt.se\/esport\/wp-json\/wp\/v2\/comments?post=245"}],"version-history":[{"count":8,"href":"https:\/\/blogg.svt.se\/esport\/wp-json\/wp\/v2\/posts\/245\/revisions"}],"predecessor-version":[{"id":262,"href":"https:\/\/blogg.svt.se\/esport\/wp-json\/wp\/v2\/posts\/245\/revisions\/262"}],"wp:featuredmedia":[{"embeddable":true,"href":"https:\/\/blogg.svt.se\/esport\/wp-json\/wp\/v2\/media\/250"}],"wp:attachment":[{"href":"https:\/\/blogg.svt.se\/esport\/wp-json\/wp\/v2\/media?parent=245"}],"wp:term":[{"taxonomy":"category","embeddable":true,"href":"https:\/\/blogg.svt.se\/esport\/wp-json\/wp\/v2\/categories?post=245"},{"taxonomy":"post_tag","embeddable":true,"href":"https:\/\/blogg.svt.se\/esport\/wp-json\/wp\/v2\/tags?post=245"}],"curies":[{"name":"wp","href":"https:\/\/api.w.org\/{rel}","templated":true}]}}